{"id":6365,"date":"2025-09-29T15:29:30","date_gmt":"2025-09-29T18:29:30","guid":{"rendered":"https:\/\/christiegiovannetti.com\/site\/?p=6365"},"modified":"2025-09-29T15:29:31","modified_gmt":"2025-09-29T18:29:31","slug":"destaques-das-fashion-weeks-primavera-verao-2026-o-que-rolou-nas-capitais-da-moda","status":"publish","type":"post","link":"https:\/\/christiegiovannetti.com\/site\/destaques-das-fashion-weeks-primavera-verao-2026-o-que-rolou-nas-capitais-da-moda\/","title":{"rendered":"Destaques das Fashion Weeks Primavera\/Ver\u00e3o 2026: O Que Rolou nas Capitais da Moda"},"content":{"rendered":"\n<p>As Fashion Weeks de setembro de 2025, apresentando as cole\u00e7\u00f5es Primavera\/Ver\u00e3o 2026, marcaram o calend\u00e1rio da moda com inova\u00e7\u00f5es, sustentabilidade e momentos inesquec\u00edveis. Das passarelas de Nova York a Paris, as &#8220;Big Four&#8221; trouxeram retornos ic\u00f4nicos, colabora\u00e7\u00f5es ousadas e uma forte aposta em diversidade e consci\u00eancia ambiental. Confira os destaques de cada cidade e o que est\u00e1 moldando o futuro da moda global.<\/p>\n\n\n\n<h2 class=\"wp-block-heading\">Nova York: O Pontap\u00e9 Inicial com Estrelas e Tend\u00eancias Ousadas<\/h2>\n\n\n\n<p><strong>Local: Nova York, EUA (11 a 16 de setembro)<\/strong><\/p>\n\n\n\n<p>A New York Fashion Week abriu a temporada com energia vibrante. Michael Kors deu o tom inicial, enquanto o retorno de Alexander Wang ap\u00f3s um hiato trouxe cole\u00e7\u00f5es que misturaram sofistica\u00e7\u00e3o e ousadia. Christian Siriano e Sergio Hudson brilharam com silhuetas poderosas e um compromisso com a inclusividade, celebrando a diversidade em suas passarelas. Ralph Lauren atraiu um p\u00fablico estelar, com nomes como Oprah Winfrey, Gwyneth Paltrow e Usher, refor\u00e7ando seu status ic\u00f4nico.<\/p>\n\n\n\n<p>As tend\u00eancias? Lingerie usada como outerwear e estampas gr\u00e1ficas de zebra, vistas em cole\u00e7\u00f5es como a da Nina Ricci, dominaram as conversas. A NYFW provou, mais uma vez, ser o palco perfeito para unir glamour e inova\u00e7\u00e3o.<\/p>\n\n\n\n<h2 class=\"wp-block-heading\">Londres: Sustentabilidade e Talento Emergente em Foco<\/h2>\n\n\n\n<p><strong>Local: Londres, Reino Unido (12 a 16 de setembro)<\/strong><\/p>\n\n\n\n<p>Sob a nova estrat\u00e9gia do British Fashion Council, a London Fashion Week destacou mais de 80 designers, com um equil\u00edbrio entre talentos emergentes e marcas consagradas. Karina Bond impressionou com pe\u00e7as zero-waste feitas de TPU biodegrad\u00e1vel, enquanto Jawara Alleyne trouxe uma abordagem criativa ao upcycling, inspirada nos anos 1950. Veteranos como Richard Quinn e Burberry, que fechou o evento, apostaram em casacos futuristas e linho sustent\u00e1vel, refor\u00e7ando o compromisso com o meio ambiente.<\/p>\n\n\n\n<p>Um momento marcante foi o desfile de Naomi Campbell para Richard Quinn, celebrando o legado brit\u00e2nico com um toque de modernidade. Londres continua sendo o epicentro da experimenta\u00e7\u00e3o e da moda consciente.<\/p>\n\n\n\n<h2 class=\"wp-block-heading\">Mil\u00e3o: Estreias e Eleg\u00e2ncia Italiana<\/h2>\n\n\n\n<p><strong>Local: Mil\u00e3o, It\u00e1lia (23 a 29 de setembro)<\/strong><\/p>\n\n\n\n<p>A Milan Fashion Week foi uma celebra\u00e7\u00e3o de estreias e colabora\u00e7\u00f5es. Demna, agora na Gucci, apresentou a cole\u00e7\u00e3o &#8220;La Famiglia&#8221;, com monogramas ousados, casacos vermelhos inspirados nos anos 1960 e um toque sexy que agitou as passarelas. Bottega Veneta, sob a dire\u00e7\u00e3o de Louise Trotter, e Versace, com Dario Vitale, redefiniram a eleg\u00e2ncia italiana com cortes impec\u00e1veis e detalhes inovadores.<\/p>\n\n\n\n<p>A colabora\u00e7\u00e3o entre Knwls e Nike trouxe uma fus\u00e3o de moda e streetwear, enquanto a homenagem p\u00f3stuma a Giorgio Armani, com Cate Blanchett na primeira fila, emocionou o p\u00fablico. Prada e Dolce &amp; Gabbana tamb\u00e9m brilharam, consolidando Mil\u00e3o como pot\u00eancia econ\u00f4mica \u2013 movimentando \u20ac1,2 bilh\u00e3o durante a semana.<\/p>\n\n\n\n<h2 class=\"wp-block-heading\">Paris: O Grand Finale Ainda em Andamento<\/h2>\n\n\n\n<p><strong>Local: Paris, Fran\u00e7a (29 de setembro a 7 de outubro)<\/strong><\/p>\n\n\n\n<p>A Paris Fashion Week, ainda em curso at\u00e9 7 de outubro, j\u00e1 est\u00e1 dando o que falar. Dior abriu com sua cole\u00e7\u00e3o SS26, atraindo convidados como Orm Kornnaphat e Lingling Kwong, que refor\u00e7aram a eleg\u00e2ncia atemporal da maison. Espera-se que Saint Laurent, sob Hedi Slimane, traga silhuetas poderosas, enquanto Chanel deve se inspirar na Riviera francesa. Marcas como Louis Vuitton, Balmain, Chlo\u00e9 e Herm\u00e8s, com 90 designers na programa\u00e7\u00e3o, est\u00e3o apostando em sustentabilidade e inova\u00e7\u00e3o.<\/p>\n\n\n\n<p>Um destaque especial vai para Becky Armstrong, que brilhou no desfile da L&#8217;Or\u00e9al, conectando tend\u00eancias globais com um toque de glamour acess\u00edvel. Paris, como sempre, promete fechar a temporada com chave de ouro.<\/p>\n\n\n\n<h2 class=\"wp-block-heading\">O Futuro da Moda em 2026<\/h2>\n\n\n\n<p>As Fashion Weeks de 2025 mostram que a moda est\u00e1 mais diversa, sustent\u00e1vel e conectada do que nunca. De Nova York a Paris, as passarelas refletem um mundo em transforma\u00e7\u00e3o, onde a criatividade encontra prop\u00f3sito. Fique de olho nas tend\u00eancias como estampas gr\u00e1ficas, upcycling e silhuetas que celebram a individualidade \u2013 elas v\u00e3o dominar 2026!<\/p>\n\n\n\n<p>Gosta de moda e quer transformar o hobby em profiss\u00e3o? <a href=\"https:\/\/christiegiovannetti.com\/site\/consultoria-de-imagem-com-certificado\/\" data-type=\"page\" data-id=\"5506\">Seja Consultora de Imagem, clique aqui para saber mais!<\/a><\/p>\n","protected":false},"excerpt":{"rendered":"<p>As Fashion Weeks de setembro de 2025, apresentando as cole\u00e7\u00f5es Primavera\/Ver\u00e3o 2026, marcaram o calend\u00e1rio da moda com inova\u00e7\u00f5es, sustentabilidade e momentos inesquec\u00edveis. Das passarelas de Nova York a Paris, as &#8220;Big Four&#8221; trouxeram retornos ic\u00f4nicos, colabora\u00e7\u00f5es ousadas e uma forte aposta em diversidade e consci\u00eancia ambiental. Confira os destaques de cada cidade e o [&hellip;]<\/p>\n","protected":false},"author":1,"featured_media":6366,"comment_status":"closed","ping_status":"closed","sticky":false,"template":"","format":"standard","meta":{"footnotes":""},"categories":[3],"tags":[89,5,6,8,49],"class_list":["post-6365","post","type-post","status-publish","format-standard","has-post-thumbnail","hentry","category-blog","tag-consultoria-de-imagem","tag-consultoria-de-imagem-curitiba","tag-consultoria-de-imagem-e-estilo-online","tag-imagem-pessoal","tag-personal-branding"],"yoast_head":"<!-- This site is optimized with the Yoast SEO plugin v17.9 - https:\/\/yoast.com\/wordpress\/plugins\/seo\/ -->\n<title>Destaques das Fashion Weeks Primavera\/Ver\u00e3o 2026: O Que Rolou nas Capitais da Moda - Christie Giovannetti<\/title>\n<meta name=\"robots\" content=\"index, follow, max-snippet:-1, max-image-preview:large, max-video-preview:-1\" \/>\n<link rel=\"canonical\" href=\"https:\/\/christiegiovannetti.com\/site\/destaques-das-fashion-weeks-primavera-verao-2026-o-que-rolou-nas-capitais-da-moda\/\" \/>\n<meta property=\"og:locale\" content=\"pt_BR\" \/>\n<meta property=\"og:type\" content=\"article\" \/>\n<meta property=\"og:title\" content=\"Destaques das Fashion Weeks Primavera\/Ver\u00e3o 2026: O Que Rolou nas Capitais da Moda - Christie Giovannetti\" \/>\n<meta property=\"og:description\" content=\"As Fashion Weeks de setembro de 2025, apresentando as cole\u00e7\u00f5es Primavera\/Ver\u00e3o 2026, marcaram o calend\u00e1rio da moda com inova\u00e7\u00f5es, sustentabilidade e momentos inesquec\u00edveis. Das passarelas de Nova York a Paris, as &#8220;Big Four&#8221; trouxeram retornos ic\u00f4nicos, colabora\u00e7\u00f5es ousadas e uma forte aposta em diversidade e consci\u00eancia ambiental. Confira os destaques de cada cidade e o [&hellip;]\" \/>\n<meta property=\"og:url\" content=\"https:\/\/christiegiovannetti.com\/site\/destaques-das-fashion-weeks-primavera-verao-2026-o-que-rolou-nas-capitais-da-moda\/\" \/>\n<meta property=\"og:site_name\" content=\"Christie Giovannetti\" \/>\n<meta property=\"article:author\" content=\"https:\/\/www.facebook.com\/ChristieGiovannetti\/\" \/>\n<meta property=\"article:published_time\" content=\"2025-09-29T18:29:30+00:00\" \/>\n<meta property=\"article:modified_time\" content=\"2025-09-29T18:29:31+00:00\" \/>\n<meta property=\"og:image\" content=\"https:\/\/christiegiovannetti.com\/site\/wp-content\/uploads\/2025\/09\/Captura-de-tela-2025-09-29-152547.png\" \/>\n\t<meta property=\"og:image:width\" content=\"903\" \/>\n\t<meta property=\"og:image:height\" content=\"504\" \/>\n\t<meta property=\"og:image:type\" content=\"image\/png\" \/>\n<meta name=\"twitter:card\" content=\"summary_large_image\" \/>\n<meta name=\"twitter:label1\" content=\"Escrito por\" \/>\n\t<meta name=\"twitter:data1\" content=\"Christie\" \/>\n\t<meta name=\"twitter:label2\" content=\"Est. tempo de leitura\" \/>\n\t<meta name=\"twitter:data2\" content=\"3 minutos\" \/>\n<script type=\"application\/ld+json\" class=\"yoast-schema-graph\">{\"@context\":\"https:\/\/schema.org\",\"@graph\":[{\"@type\":\"Organization\",\"@id\":\"https:\/\/christiegiovannetti.com\/site\/#organization\",\"name\":\"Christie Giovannetti\",\"url\":\"https:\/\/christiegiovannetti.com\/site\/\",\"sameAs\":[\"https:\/\/www.instagram.com\/chrisimagem\/\",\"https:\/\/www.linkedin.com\/in\/christiegiovannetti\/\",\"https:\/\/www.youtube.com\/SuaImagemSuaMarca\"],\"logo\":{\"@type\":\"ImageObject\",\"@id\":\"https:\/\/christiegiovannetti.com\/site\/#logo\",\"inLanguage\":\"pt-BR\",\"url\":\"https:\/\/christiegiovannetti.com\/site\/wp-content\/uploads\/2025\/06\/logo-full-christiegiovannetti2022-hor.jpg\",\"contentUrl\":\"https:\/\/christiegiovannetti.com\/site\/wp-content\/uploads\/2025\/06\/logo-full-christiegiovannetti2022-hor.jpg\",\"width\":1262,\"height\":433,\"caption\":\"Christie Giovannetti\"},\"image\":{\"@id\":\"https:\/\/christiegiovannetti.com\/site\/#logo\"}},{\"@type\":\"WebSite\",\"@id\":\"https:\/\/christiegiovannetti.com\/site\/#website\",\"url\":\"https:\/\/christiegiovannetti.com\/site\/\",\"name\":\"Christie Giovannetti\",\"description\":\"Imagem e Marca Pessoal Estrat\\u00e9gica\",\"publisher\":{\"@id\":\"https:\/\/christiegiovannetti.com\/site\/#organization\"},\"potentialAction\":[{\"@type\":\"SearchAction\",\"target\":{\"@type\":\"EntryPoint\",\"urlTemplate\":\"https:\/\/christiegiovannetti.com\/site\/?s={search_term_string}\"},\"query-input\":\"required name=search_term_string\"}],\"inLanguage\":\"pt-BR\"},{\"@type\":\"ImageObject\",\"@id\":\"https:\/\/christiegiovannetti.com\/site\/destaques-das-fashion-weeks-primavera-verao-2026-o-que-rolou-nas-capitais-da-moda\/#primaryimage\",\"inLanguage\":\"pt-BR\",\"url\":\"https:\/\/christiegiovannetti.com\/site\/wp-content\/uploads\/2025\/09\/Captura-de-tela-2025-09-29-152547.png\",\"contentUrl\":\"https:\/\/christiegiovannetti.com\/site\/wp-content\/uploads\/2025\/09\/Captura-de-tela-2025-09-29-152547.png\",\"width\":903,\"height\":504},{\"@type\":\"WebPage\",\"@id\":\"https:\/\/christiegiovannetti.com\/site\/destaques-das-fashion-weeks-primavera-verao-2026-o-que-rolou-nas-capitais-da-moda\/#webpage\",\"url\":\"https:\/\/christiegiovannetti.com\/site\/destaques-das-fashion-weeks-primavera-verao-2026-o-que-rolou-nas-capitais-da-moda\/\",\"name\":\"Destaques das Fashion Weeks Primavera\/Ver\\u00e3o 2026: O Que Rolou nas Capitais da Moda - Christie Giovannetti\",\"isPartOf\":{\"@id\":\"https:\/\/christiegiovannetti.com\/site\/#website\"},\"primaryImageOfPage\":{\"@id\":\"https:\/\/christiegiovannetti.com\/site\/destaques-das-fashion-weeks-primavera-verao-2026-o-que-rolou-nas-capitais-da-moda\/#primaryimage\"},\"datePublished\":\"2025-09-29T18:29:30+00:00\",\"dateModified\":\"2025-09-29T18:29:31+00:00\",\"breadcrumb\":{\"@id\":\"https:\/\/christiegiovannetti.com\/site\/destaques-das-fashion-weeks-primavera-verao-2026-o-que-rolou-nas-capitais-da-moda\/#breadcrumb\"},\"inLanguage\":\"pt-BR\",\"potentialAction\":[{\"@type\":\"ReadAction\",\"target\":[\"https:\/\/christiegiovannetti.com\/site\/destaques-das-fashion-weeks-primavera-verao-2026-o-que-rolou-nas-capitais-da-moda\/\"]}]},{\"@type\":\"BreadcrumbList\",\"@id\":\"https:\/\/christiegiovannetti.com\/site\/destaques-das-fashion-weeks-primavera-verao-2026-o-que-rolou-nas-capitais-da-moda\/#breadcrumb\",\"itemListElement\":[{\"@type\":\"ListItem\",\"position\":1,\"name\":\"In\\u00edcio\",\"item\":\"https:\/\/christiegiovannetti.com\/site\/\"},{\"@type\":\"ListItem\",\"position\":2,\"name\":\"Destaques das Fashion Weeks Primavera\/Ver\\u00e3o 2026: O Que Rolou nas Capitais da Moda\"}]},{\"@type\":\"Article\",\"@id\":\"https:\/\/christiegiovannetti.com\/site\/destaques-das-fashion-weeks-primavera-verao-2026-o-que-rolou-nas-capitais-da-moda\/#article\",\"isPartOf\":{\"@id\":\"https:\/\/christiegiovannetti.com\/site\/destaques-das-fashion-weeks-primavera-verao-2026-o-que-rolou-nas-capitais-da-moda\/#webpage\"},\"author\":{\"@id\":\"https:\/\/christiegiovannetti.com\/site\/#\/schema\/person\/917fe98657246e5017efc25f2c73e608\"},\"headline\":\"Destaques das Fashion Weeks Primavera\/Ver\\u00e3o 2026: O Que Rolou nas Capitais da Moda\",\"datePublished\":\"2025-09-29T18:29:30+00:00\",\"dateModified\":\"2025-09-29T18:29:31+00:00\",\"mainEntityOfPage\":{\"@id\":\"https:\/\/christiegiovannetti.com\/site\/destaques-das-fashion-weeks-primavera-verao-2026-o-que-rolou-nas-capitais-da-moda\/#webpage\"},\"wordCount\":697,\"publisher\":{\"@id\":\"https:\/\/christiegiovannetti.com\/site\/#organization\"},\"image\":{\"@id\":\"https:\/\/christiegiovannetti.com\/site\/destaques-das-fashion-weeks-primavera-verao-2026-o-que-rolou-nas-capitais-da-moda\/#primaryimage\"},\"thumbnailUrl\":\"https:\/\/christiegiovannetti.com\/site\/wp-content\/uploads\/2025\/09\/Captura-de-tela-2025-09-29-152547.png\",\"keywords\":[\"consultoria de imagem\",\"consultoria de imagem curitiba\",\"consultoria de imagem e estilo online\",\"imagem pessoal\",\"personal branding\"],\"articleSection\":[\"blog\"],\"inLanguage\":\"pt-BR\"},{\"@type\":\"Person\",\"@id\":\"https:\/\/christiegiovannetti.com\/site\/#\/schema\/person\/917fe98657246e5017efc25f2c73e608\",\"name\":\"Christie\",\"image\":{\"@type\":\"ImageObject\",\"@id\":\"https:\/\/christiegiovannetti.com\/site\/#personlogo\",\"inLanguage\":\"pt-BR\",\"url\":\"https:\/\/secure.gravatar.com\/avatar\/de4614c533e99e32af325ebc76dd32bd477cacee8488c9959f177851619ef2bd?s=96&d=mm&r=g\",\"contentUrl\":\"https:\/\/secure.gravatar.com\/avatar\/de4614c533e99e32af325ebc76dd32bd477cacee8488c9959f177851619ef2bd?s=96&d=mm&r=g\",\"caption\":\"Christie\"},\"sameAs\":[\"http:\/\/christiegiovannetti.com\/site\",\"https:\/\/www.facebook.com\/ChristieGiovannetti\/\"],\"url\":\"https:\/\/christiegiovannetti.com\/site\/author\/serpol89\/\"}]}<\/script>\n<!-- \/ Yoast SEO plugin. -->","yoast_head_json":{"title":"Destaques das Fashion Weeks Primavera\/Ver\u00e3o 2026: O Que Rolou nas Capitais da Moda - Christie Giovannetti","robots":{"index":"index","follow":"follow","max-snippet":"max-snippet:-1","max-image-preview":"max-image-preview:large","max-video-preview":"max-video-preview:-1"},"canonical":"https:\/\/christiegiovannetti.com\/site\/destaques-das-fashion-weeks-primavera-verao-2026-o-que-rolou-nas-capitais-da-moda\/","og_locale":"pt_BR","og_type":"article","og_title":"Destaques das Fashion Weeks Primavera\/Ver\u00e3o 2026: O Que Rolou nas Capitais da Moda - Christie Giovannetti","og_description":"As Fashion Weeks de setembro de 2025, apresentando as cole\u00e7\u00f5es Primavera\/Ver\u00e3o 2026, marcaram o calend\u00e1rio da moda com inova\u00e7\u00f5es, sustentabilidade e momentos inesquec\u00edveis. Das passarelas de Nova York a Paris, as &#8220;Big Four&#8221; trouxeram retornos ic\u00f4nicos, colabora\u00e7\u00f5es ousadas e uma forte aposta em diversidade e consci\u00eancia ambiental. Confira os destaques de cada cidade e o [&hellip;]","og_url":"https:\/\/christiegiovannetti.com\/site\/destaques-das-fashion-weeks-primavera-verao-2026-o-que-rolou-nas-capitais-da-moda\/","og_site_name":"Christie Giovannetti","article_author":"https:\/\/www.facebook.com\/ChristieGiovannetti\/","article_published_time":"2025-09-29T18:29:30+00:00","article_modified_time":"2025-09-29T18:29:31+00:00","og_image":[{"width":903,"height":504,"url":"https:\/\/christiegiovannetti.com\/site\/wp-content\/uploads\/2025\/09\/Captura-de-tela-2025-09-29-152547.png","type":"image\/png"}],"twitter_card":"summary_large_image","twitter_misc":{"Escrito por":"Christie","Est. tempo de leitura":"3 minutos"},"schema":{"@context":"https:\/\/schema.org","@graph":[{"@type":"Organization","@id":"https:\/\/christiegiovannetti.com\/site\/#organization","name":"Christie Giovannetti","url":"https:\/\/christiegiovannetti.com\/site\/","sameAs":["https:\/\/www.instagram.com\/chrisimagem\/","https:\/\/www.linkedin.com\/in\/christiegiovannetti\/","https:\/\/www.youtube.com\/SuaImagemSuaMarca"],"logo":{"@type":"ImageObject","@id":"https:\/\/christiegiovannetti.com\/site\/#logo","inLanguage":"pt-BR","url":"https:\/\/christiegiovannetti.com\/site\/wp-content\/uploads\/2025\/06\/logo-full-christiegiovannetti2022-hor.jpg","contentUrl":"https:\/\/christiegiovannetti.com\/site\/wp-content\/uploads\/2025\/06\/logo-full-christiegiovannetti2022-hor.jpg","width":1262,"height":433,"caption":"Christie Giovannetti"},"image":{"@id":"https:\/\/christiegiovannetti.com\/site\/#logo"}},{"@type":"WebSite","@id":"https:\/\/christiegiovannetti.com\/site\/#website","url":"https:\/\/christiegiovannetti.com\/site\/","name":"Christie Giovannetti","description":"Imagem e Marca Pessoal Estrat\u00e9gica","publisher":{"@id":"https:\/\/christiegiovannetti.com\/site\/#organization"},"potentialAction":[{"@type":"SearchAction","target":{"@type":"EntryPoint","urlTemplate":"https:\/\/christiegiovannetti.com\/site\/?s={search_term_string}"},"query-input":"required name=search_term_string"}],"inLanguage":"pt-BR"},{"@type":"ImageObject","@id":"https:\/\/christiegiovannetti.com\/site\/destaques-das-fashion-weeks-primavera-verao-2026-o-que-rolou-nas-capitais-da-moda\/#primaryimage","inLanguage":"pt-BR","url":"https:\/\/christiegiovannetti.com\/site\/wp-content\/uploads\/2025\/09\/Captura-de-tela-2025-09-29-152547.png","contentUrl":"https:\/\/christiegiovannetti.com\/site\/wp-content\/uploads\/2025\/09\/Captura-de-tela-2025-09-29-152547.png","width":903,"height":504},{"@type":"WebPage","@id":"https:\/\/christiegiovannetti.com\/site\/destaques-das-fashion-weeks-primavera-verao-2026-o-que-rolou-nas-capitais-da-moda\/#webpage","url":"https:\/\/christiegiovannetti.com\/site\/destaques-das-fashion-weeks-primavera-verao-2026-o-que-rolou-nas-capitais-da-moda\/","name":"Destaques das Fashion Weeks Primavera\/Ver\u00e3o 2026: O Que Rolou nas Capitais da Moda - Christie Giovannetti","isPartOf":{"@id":"https:\/\/christiegiovannetti.com\/site\/#website"},"primaryImageOfPage":{"@id":"https:\/\/christiegiovannetti.com\/site\/destaques-das-fashion-weeks-primavera-verao-2026-o-que-rolou-nas-capitais-da-moda\/#primaryimage"},"datePublished":"2025-09-29T18:29:30+00:00","dateModified":"2025-09-29T18:29:31+00:00","breadcrumb":{"@id":"https:\/\/christiegiovannetti.com\/site\/destaques-das-fashion-weeks-primavera-verao-2026-o-que-rolou-nas-capitais-da-moda\/#breadcrumb"},"inLanguage":"pt-BR","potentialAction":[{"@type":"ReadAction","target":["https:\/\/christiegiovannetti.com\/site\/destaques-das-fashion-weeks-primavera-verao-2026-o-que-rolou-nas-capitais-da-moda\/"]}]},{"@type":"BreadcrumbList","@id":"https:\/\/christiegiovannetti.com\/site\/destaques-das-fashion-weeks-primavera-verao-2026-o-que-rolou-nas-capitais-da-moda\/#breadcrumb","itemListElement":[{"@type":"ListItem","position":1,"name":"In\u00edcio","item":"https:\/\/christiegiovannetti.com\/site\/"},{"@type":"ListItem","position":2,"name":"Destaques das Fashion Weeks Primavera\/Ver\u00e3o 2026: O Que Rolou nas Capitais da Moda"}]},{"@type":"Article","@id":"https:\/\/christiegiovannetti.com\/site\/destaques-das-fashion-weeks-primavera-verao-2026-o-que-rolou-nas-capitais-da-moda\/#article","isPartOf":{"@id":"https:\/\/christiegiovannetti.com\/site\/destaques-das-fashion-weeks-primavera-verao-2026-o-que-rolou-nas-capitais-da-moda\/#webpage"},"author":{"@id":"https:\/\/christiegiovannetti.com\/site\/#\/schema\/person\/917fe98657246e5017efc25f2c73e608"},"headline":"Destaques das Fashion Weeks Primavera\/Ver\u00e3o 2026: O Que Rolou nas Capitais da Moda","datePublished":"2025-09-29T18:29:30+00:00","dateModified":"2025-09-29T18:29:31+00:00","mainEntityOfPage":{"@id":"https:\/\/christiegiovannetti.com\/site\/destaques-das-fashion-weeks-primavera-verao-2026-o-que-rolou-nas-capitais-da-moda\/#webpage"},"wordCount":697,"publisher":{"@id":"https:\/\/christiegiovannetti.com\/site\/#organization"},"image":{"@id":"https:\/\/christiegiovannetti.com\/site\/destaques-das-fashion-weeks-primavera-verao-2026-o-que-rolou-nas-capitais-da-moda\/#primaryimage"},"thumbnailUrl":"https:\/\/christiegiovannetti.com\/site\/wp-content\/uploads\/2025\/09\/Captura-de-tela-2025-09-29-152547.png","keywords":["consultoria de imagem","consultoria de imagem curitiba","consultoria de imagem e estilo online","imagem pessoal","personal branding"],"articleSection":["blog"],"inLanguage":"pt-BR"},{"@type":"Person","@id":"https:\/\/christiegiovannetti.com\/site\/#\/schema\/person\/917fe98657246e5017efc25f2c73e608","name":"Christie","image":{"@type":"ImageObject","@id":"https:\/\/christiegiovannetti.com\/site\/#personlogo","inLanguage":"pt-BR","url":"https:\/\/secure.gravatar.com\/avatar\/de4614c533e99e32af325ebc76dd32bd477cacee8488c9959f177851619ef2bd?s=96&d=mm&r=g","contentUrl":"https:\/\/secure.gravatar.com\/avatar\/de4614c533e99e32af325ebc76dd32bd477cacee8488c9959f177851619ef2bd?s=96&d=mm&r=g","caption":"Christie"},"sameAs":["http:\/\/christiegiovannetti.com\/site","https:\/\/www.facebook.com\/ChristieGiovannetti\/"],"url":"https:\/\/christiegiovannetti.com\/site\/author\/serpol89\/"}]}},"jetpack_featured_media_url":"https:\/\/christiegiovannetti.com\/site\/wp-content\/uploads\/2025\/09\/Captura-de-tela-2025-09-29-152547.png","_links":{"self":[{"href":"https:\/\/christiegiovannetti.com\/site\/wp-json\/wp\/v2\/posts\/6365","targetHints":{"allow":["GET"]}}],"collection":[{"href":"https:\/\/christiegiovannetti.com\/site\/wp-json\/wp\/v2\/posts"}],"about":[{"href":"https:\/\/christiegiovannetti.com\/site\/wp-json\/wp\/v2\/types\/post"}],"author":[{"embeddable":true,"href":"https:\/\/christiegiovannetti.com\/site\/wp-json\/wp\/v2\/users\/1"}],"replies":[{"embeddable":true,"href":"https:\/\/christiegiovannetti.com\/site\/wp-json\/wp\/v2\/comments?post=6365"}],"version-history":[{"count":1,"href":"https:\/\/christiegiovannetti.com\/site\/wp-json\/wp\/v2\/posts\/6365\/revisions"}],"predecessor-version":[{"id":6367,"href":"https:\/\/christiegiovannetti.com\/site\/wp-json\/wp\/v2\/posts\/6365\/revisions\/6367"}],"wp:featuredmedia":[{"embeddable":true,"href":"https:\/\/christiegiovannetti.com\/site\/wp-json\/wp\/v2\/media\/6366"}],"wp:attachment":[{"href":"https:\/\/christiegiovannetti.com\/site\/wp-json\/wp\/v2\/media?parent=6365"}],"wp:term":[{"taxonomy":"category","embeddable":true,"href":"https:\/\/christiegiovannetti.com\/site\/wp-json\/wp\/v2\/categories?post=6365"},{"taxonomy":"post_tag","embeddable":true,"href":"https:\/\/christiegiovannetti.com\/site\/wp-json\/wp\/v2\/tags?post=6365"}],"curies":[{"name":"wp","href":"https:\/\/api.w.org\/{rel}","templated":true}]}}